{"id":3628,"date":"2022-11-09T17:54:17","date_gmt":"2022-11-09T16:54:17","guid":{"rendered":"https:\/\/syncro-group.com\/?p=3628"},"modified":"2022-11-09T18:32:33","modified_gmt":"2022-11-09T17:32:33","slug":"plantech-cst-inaugura-la-nuova-sede-a-cavezzo","status":"publish","type":"post","link":"https:\/\/syncro-group.com\/it\/2022\/11\/09\/plantech-cst-inaugura-la-nuova-sede-a-cavezzo\/","title":{"rendered":"PLANTECH-CST inaugura la nuova sede a Cavezzo"},"content":{"rendered":"<p>La fine dell\u2019estate ha portato a Cavezzo una nuova importante realt\u00e0 produttiva. Il <strong>16 settembre<\/strong> scorso, alla presenza del Presidente della regione Emilia-Romagna <strong>Stefano Bonaccini<\/strong>, della sindaca di Cavezzo <strong>Lisa Luppi<\/strong>, \u00e8 stata infatti inaugurata in via Einaudi la nuova sede della <strong>Plantech-CST<\/strong>, parte del <strong>Gruppo Syncro<\/strong>. Plantech-CST \u00e8 riconosciuta come uno dei top player nelle tecnologie e negli impianti di movimentazione, trasporto, miscelazione e stoccaggio per il trattamento di granuli, scaglie, polveri e liquidi in un&#8217;ampia gamma di settori industriali, tra cui il riciclaggio, gli impianti di lavaggio e il compounding.<\/p>\n<p>Il continuo sviluppo di tecnologie all\u2019avanguardia e l\u2019affermazione in nuovi mercati ha permesso a <strong>Plantech-CST<\/strong> di pianificare per tempo la costruzione della nuova sede produttiva, che permetter\u00e0 di organizzare e massimizzare l\u2019efficienza di tutti i settori aziendali, ma non solo. Come tutte le sedi del Gruppo Syncro anche il design e l\u2019ecosostenibilit\u00e0 hanno giocato un ruolo fondamentale agli occhi di chi guarda dall\u2019esterno, ma anche per i collaboratori, donando un ambiente lavorativo accogliente e creato su misura per ogni dipartimento. La nuova sede ospiter\u00e0 un <strong>Tech Center<\/strong>, dove clienti e partners potranno vedere e toccare con mano i prodotti del gruppo offrendo una <em>customer experience<\/em> all\u2019avanguardia. Prodotti tecnologicamente avanzati progettati e ideati in nome della \u201cZERO WASTE MYSSION\u201d del gruppo. La missione \u00e8 infatti la riduzione drastica dei consumi e dell\u2019utilizzo delle materie prime, migliorando qualit\u00e0 e performance dei prodotti finali.<\/p>\n<p>Negli ultimi anni <strong>Plantech-CST<\/strong> ha avuto una crescita esponenziale. \u201cSiamo un\u2019azienda Glocal \u2013 afferma <strong>Roberto Pedrazzi<\/strong>, CEO di Plantech-CST \u2013 ad oggi abbiamo realt\u00e0 produttive in Italia e all\u2019estero (<strong>USA<\/strong>, <strong>India<\/strong> e <strong>Cina<\/strong>), come anche filiali operative in varie aree strategiche del mondo. La cosa che ci rende pi\u00f9 orgogliosi, oltre ovviamente alla nostra attivit\u00e0 in continua evoluzione, \u00e8 sentirci davvero parte di una famiglia, di una grande famiglia come quella di Syncro Group dove i collaboratori non sono numeri e si sentono parte di questo meraviglioso mondo che noi chiamiamo Syncro\u201d. \u201cChi fa impresa a Cavezzo \u00e8 parte integrante della comunit\u00e0 \u2013 ha commentato la sindaca Luppi \u2013 per la nostra amministrazione \u00e8 un piacere poter collaborare con chi opera, all\u2019insegna della ricerca e della tecnologia pi\u00f9 avanzata, sui mercati globali\u201d. <strong>Gabriele Caccia<\/strong>, CEO e Presidente di Syncro Group, aggiunger \u201cOggi stiamo realizzando quello che con Roberto abbiamo sognato quando ci siamo incontrati. Un successo per il business, ma soprattutto una grande ed enorme soddisfazione dell\u2019ambiente che abbiamo creato. Nei nostri collaboratori c\u2019\u00e8 passione, entusiasmo, voglia di vincere le sfide che si propongono ogni giorno e dandogli una seconda famiglia, allargata di certo, ma una famiglia dove le persone, i team delle varie Compagnie si aiutano a vicenda per raggiungere obiettivi che a volte sembrano irraggiungibili\u201d.<br \/>\n<iframe loading=\"lazy\" title=\"Plantech CST - Inaugurazione\" src=\"https:\/\/player.vimeo.com\/video\/768478895?h=0bc14d0126&amp;badge=0&amp;autopause=0&amp;player_id=0&amp;app_id=58479\" width=\"640\" height=\"360\" frameborder=\"0\" allowfullscreen=\"allowfullscreen\"><\/iframe><\/p>\n","protected":false},"excerpt":{"rendered":"<p>La fine dell\u2019estate ha portato a Cavezzo una nuova importante realt\u00e0 produttiva. Il 16 settembre scorso, alla presenza del Presidente della regione Emilia-Romagna Stefano Bonaccini, della sindaca di Cavezzo Lisa Luppi, \u00e8 stata infatti inaugurata in via Einaudi la nuova sede della Plantech-CST, parte del Gruppo Syncro. Plantech-CST \u00e8 riconosciuta come uno dei top player [&#8230;]\n","protected":false},"author":1,"featured_media":3637,"comment_status":"closed","ping_status":"open","sticky":false,"template":"","format":"standard","meta":{"_acf_changed":false,"footnotes":""},"categories":[79,78,1],"tags":[],"class_list":["post-3628","post","type-post","status-publish","format-standard","has-post-thumbnail","hentry","category-events","category-news","category-non-categorizzato"],"acf":[],"_links":{"self":[{"href":"https:\/\/syncro-group.com\/it\/wp-json\/wp\/v2\/posts\/3628","targetHints":{"allow":["GET"]}}],"collection":[{"href":"https:\/\/syncro-group.com\/it\/wp-json\/wp\/v2\/posts"}],"about":[{"href":"https:\/\/syncro-group.com\/it\/wp-json\/wp\/v2\/types\/post"}],"author":[{"embeddable":true,"href":"https:\/\/syncro-group.com\/it\/wp-json\/wp\/v2\/users\/1"}],"replies":[{"embeddable":true,"href":"https:\/\/syncro-group.com\/it\/wp-json\/wp\/v2\/comments?post=3628"}],"version-history":[{"count":3,"href":"https:\/\/syncro-group.com\/it\/wp-json\/wp\/v2\/posts\/3628\/revisions"}],"predecessor-version":[{"id":3631,"href":"https:\/\/syncro-group.com\/it\/wp-json\/wp\/v2\/posts\/3628\/revisions\/3631"}],"wp:featuredmedia":[{"embeddable":true,"href":"https:\/\/syncro-group.com\/it\/wp-json\/wp\/v2\/media\/3637"}],"wp:attachment":[{"href":"https:\/\/syncro-group.com\/it\/wp-json\/wp\/v2\/media?parent=3628"}],"wp:term":[{"taxonomy":"category","embeddable":true,"href":"https:\/\/syncro-group.com\/it\/wp-json\/wp\/v2\/categories?post=3628"},{"taxonomy":"post_tag","embeddable":true,"href":"https:\/\/syncro-group.com\/it\/wp-json\/wp\/v2\/tags?post=3628"}],"curies":[{"name":"wp","href":"https:\/\/api.w.org\/{rel}","templated":true}]}}